{"id":913,"date":"2024-06-27T06:46:03","date_gmt":"2024-06-27T05:46:03","guid":{"rendered":"https:\/\/electricasudanell.com\/?p=913"},"modified":"2024-07-02T07:36:31","modified_gmt":"2024-07-02T06:36:31","slug":"novedades-julio-2024","status":"publish","type":"post","link":"https:\/\/electricasudanell.com\/es\/novedades-julio-2024\/","title":{"rendered":"NOVEDADES JULIO 2024"},"content":{"rendered":"<p>En relaci\u00f3n al Impuesto Especial sobre la Electricidad (IEE), del Real Decreto -ley 8\/2023 del 27 diciembre.<\/p>\n<p>A partir del 1 de julio de 2024, modifica su tipo impositivo\u00a0 volviendo a su valor original de 5,11% sustituyendo al actual 3.8%<\/p>\n<p>Respecto a las medidas fiscales.<\/p>\n<p>Dado que el precio medio mensual para mes de junio ha superado los 45\u20ac\/kwh, para los titulares con potencia de suministro contratada inferior a 10kw, el tipo impositivo de IVA ser\u00e1 el 10% en lugar del 21%, en todas las facturas cuyo ultimo d\u00eda del per\u00edodo de facturaci\u00f3n sea un d\u00eda del mes de julio.<\/p>\n","protected":false},"excerpt":{"rendered":"<p>En relaci\u00f3n al Impuesto Especial sobre la Electricidad (IEE), del Real Decreto -ley 8\/2023 del 27 diciembre. A partir del 1 de julio de 2024, modifica su tipo impositivo\u00a0 volviendo a su valor original de 5,11% sustituyendo al actual 3.8% Respecto a las medidas fiscales. Dado que el precio medio mensual para mes de junio [&hellip;]<\/p>\n","protected":false},"author":2,"featured_media":0,"comment_status":"open","ping_status":"open","sticky":false,"template":"","format":"standard","meta":{"_acf_changed":false,"footnotes":""},"categories":[8],"tags":[],"class_list":["post-913","post","type-post","status-publish","format-standard","hentry","category-noticies-es"],"acf":[],"yoast_head":"<!-- This site is optimized with the Yoast SEO plugin v27.5 - https:\/\/yoast.com\/product\/yoast-seo-wordpress\/ -->\n<title>NOVEDADES JULIO 2024 - El\u00e8ctrica Sudanell<\/title>\n<meta name=\"description\" content=\"En relaci\u00f3n al Impuesto Especial sobre la Electricidad (IEE), del Real Decreto -ley 8\/2023 del 27 diciembre. A partir del 1 de julio de 2024, modifica su\" \/>\n<meta name=\"robots\" content=\"index, follow, max-snippet:-1, max-image-preview:large, max-video-preview:-1\" \/>\n<link rel=\"canonical\" href=\"https:\/\/electricasudanell.com\/novedades-julio-2024\/\" \/>\n<meta property=\"og:locale\" content=\"es_ES\" \/>\n<meta property=\"og:type\" content=\"article\" \/>\n<meta property=\"og:title\" content=\"NOVEDADES JULIO 2024 - El\u00e8ctrica Sudanell\" \/>\n<meta property=\"og:description\" content=\"En relaci\u00f3n al Impuesto Especial sobre la Electricidad (IEE), del Real Decreto -ley 8\/2023 del 27 diciembre. A partir del 1 de julio de 2024, modifica su\" \/>\n<meta property=\"og:url\" content=\"https:\/\/electricasudanell.com\/novedades-julio-2024\/\" \/>\n<meta property=\"og:site_name\" content=\"El\u00e8ctrica Sudanell\" \/>\n<meta property=\"article:published_time\" content=\"2024-06-27T05:46:03+00:00\" \/>\n<meta property=\"article:modified_time\" content=\"2024-07-02T06:36:31+00:00\" \/>\n<meta name=\"author\" content=\"esudanell\" \/>\n<meta name=\"twitter:card\" content=\"summary_large_image\" \/>\n<meta name=\"twitter:label1\" content=\"Escrito por\" \/>\n\t<meta name=\"twitter:data1\" content=\"esudanell\" \/>\n<script type=\"application\/ld+json\" class=\"yoast-schema-graph\">{\"@context\":\"https:\\\/\\\/schema.org\",\"@graph\":[{\"@type\":\"Article\",\"@id\":\"https:\\\/\\\/electricasudanell.com\\\/novedades-julio-2024\\\/#article\",\"isPartOf\":{\"@id\":\"https:\\\/\\\/electricasudanell.com\\\/novedades-julio-2024\\\/\"},\"author\":{\"name\":\"esudanell\",\"@id\":\"https:\\\/\\\/electricasudanell.com\\\/#\\\/schema\\\/person\\\/258a506f6c4ac536e09f60c70724ac04\"},\"headline\":\"NOVEDADES JULIO 2024\",\"datePublished\":\"2024-06-27T05:46:03+00:00\",\"dateModified\":\"2024-07-02T06:36:31+00:00\",\"mainEntityOfPage\":{\"@id\":\"https:\\\/\\\/electricasudanell.com\\\/novedades-julio-2024\\\/\"},\"wordCount\":99,\"commentCount\":0,\"articleSection\":[\"Noticies\"],\"inLanguage\":\"es\",\"potentialAction\":[{\"@type\":\"CommentAction\",\"name\":\"Comment\",\"target\":[\"https:\\\/\\\/electricasudanell.com\\\/novedades-julio-2024\\\/#respond\"]}]},{\"@type\":\"WebPage\",\"@id\":\"https:\\\/\\\/electricasudanell.com\\\/novedades-julio-2024\\\/\",\"url\":\"https:\\\/\\\/electricasudanell.com\\\/novedades-julio-2024\\\/\",\"name\":\"NOVEDADES JULIO 2024 - El\u00e8ctrica Sudanell\",\"isPartOf\":{\"@id\":\"https:\\\/\\\/electricasudanell.com\\\/#website\"},\"datePublished\":\"2024-06-27T05:46:03+00:00\",\"dateModified\":\"2024-07-02T06:36:31+00:00\",\"author\":{\"@id\":\"https:\\\/\\\/electricasudanell.com\\\/#\\\/schema\\\/person\\\/258a506f6c4ac536e09f60c70724ac04\"},\"description\":\"En relaci\u00f3n al Impuesto Especial sobre la Electricidad (IEE), del Real Decreto -ley 8\\\/2023 del 27 diciembre. A partir del 1 de julio de 2024, modifica su\",\"breadcrumb\":{\"@id\":\"https:\\\/\\\/electricasudanell.com\\\/novedades-julio-2024\\\/#breadcrumb\"},\"inLanguage\":\"es\",\"potentialAction\":[{\"@type\":\"ReadAction\",\"target\":[\"https:\\\/\\\/electricasudanell.com\\\/novedades-julio-2024\\\/\"]}]},{\"@type\":\"BreadcrumbList\",\"@id\":\"https:\\\/\\\/electricasudanell.com\\\/novedades-julio-2024\\\/#breadcrumb\",\"itemListElement\":[{\"@type\":\"ListItem\",\"position\":1,\"name\":\"Inici\",\"item\":\"https:\\\/\\\/electricasudanell.com\\\/inicio\\\/\"},{\"@type\":\"ListItem\",\"position\":2,\"name\":\"NOVEDADES JULIO 2024\"}]},{\"@type\":\"WebSite\",\"@id\":\"https:\\\/\\\/electricasudanell.com\\\/#website\",\"url\":\"https:\\\/\\\/electricasudanell.com\\\/\",\"name\":\"El\u00e8ctrica Sudanell\",\"description\":\"Altre lloc gestionat amb el WordPress\",\"potentialAction\":[{\"@type\":\"SearchAction\",\"target\":{\"@type\":\"EntryPoint\",\"urlTemplate\":\"https:\\\/\\\/electricasudanell.com\\\/?s={search_term_string}\"},\"query-input\":{\"@type\":\"PropertyValueSpecification\",\"valueRequired\":true,\"valueName\":\"search_term_string\"}}],\"inLanguage\":\"es\"},{\"@type\":\"Person\",\"@id\":\"https:\\\/\\\/electricasudanell.com\\\/#\\\/schema\\\/person\\\/258a506f6c4ac536e09f60c70724ac04\",\"name\":\"esudanell\",\"image\":{\"@type\":\"ImageObject\",\"inLanguage\":\"es\",\"@id\":\"https:\\\/\\\/secure.gravatar.com\\\/avatar\\\/6155959586ec1f945f5381d96fa048638716f3f597e2293982309a7df63b8bc5?s=96&d=mm&r=g\",\"url\":\"https:\\\/\\\/secure.gravatar.com\\\/avatar\\\/6155959586ec1f945f5381d96fa048638716f3f597e2293982309a7df63b8bc5?s=96&d=mm&r=g\",\"contentUrl\":\"https:\\\/\\\/secure.gravatar.com\\\/avatar\\\/6155959586ec1f945f5381d96fa048638716f3f597e2293982309a7df63b8bc5?s=96&d=mm&r=g\",\"caption\":\"esudanell\"},\"url\":\"https:\\\/\\\/electricasudanell.com\\\/es\\\/author\\\/esudanell\\\/\"}]}<\/script>\n<!-- \/ Yoast SEO plugin. -->","yoast_head_json":{"title":"NOVEDADES JULIO 2024 - El\u00e8ctrica Sudanell","description":"En relaci\u00f3n al Impuesto Especial sobre la Electricidad (IEE), del Real Decreto -ley 8\/2023 del 27 diciembre. A partir del 1 de julio de 2024, modifica su","robots":{"index":"index","follow":"follow","max-snippet":"max-snippet:-1","max-image-preview":"max-image-preview:large","max-video-preview":"max-video-preview:-1"},"canonical":"https:\/\/electricasudanell.com\/novedades-julio-2024\/","og_locale":"es_ES","og_type":"article","og_title":"NOVEDADES JULIO 2024 - El\u00e8ctrica Sudanell","og_description":"En relaci\u00f3n al Impuesto Especial sobre la Electricidad (IEE), del Real Decreto -ley 8\/2023 del 27 diciembre. A partir del 1 de julio de 2024, modifica su","og_url":"https:\/\/electricasudanell.com\/novedades-julio-2024\/","og_site_name":"El\u00e8ctrica Sudanell","article_published_time":"2024-06-27T05:46:03+00:00","article_modified_time":"2024-07-02T06:36:31+00:00","author":"esudanell","twitter_card":"summary_large_image","twitter_misc":{"Escrito por":"esudanell"},"schema":{"@context":"https:\/\/schema.org","@graph":[{"@type":"Article","@id":"https:\/\/electricasudanell.com\/novedades-julio-2024\/#article","isPartOf":{"@id":"https:\/\/electricasudanell.com\/novedades-julio-2024\/"},"author":{"name":"esudanell","@id":"https:\/\/electricasudanell.com\/#\/schema\/person\/258a506f6c4ac536e09f60c70724ac04"},"headline":"NOVEDADES JULIO 2024","datePublished":"2024-06-27T05:46:03+00:00","dateModified":"2024-07-02T06:36:31+00:00","mainEntityOfPage":{"@id":"https:\/\/electricasudanell.com\/novedades-julio-2024\/"},"wordCount":99,"commentCount":0,"articleSection":["Noticies"],"inLanguage":"es","potentialAction":[{"@type":"CommentAction","name":"Comment","target":["https:\/\/electricasudanell.com\/novedades-julio-2024\/#respond"]}]},{"@type":"WebPage","@id":"https:\/\/electricasudanell.com\/novedades-julio-2024\/","url":"https:\/\/electricasudanell.com\/novedades-julio-2024\/","name":"NOVEDADES JULIO 2024 - El\u00e8ctrica Sudanell","isPartOf":{"@id":"https:\/\/electricasudanell.com\/#website"},"datePublished":"2024-06-27T05:46:03+00:00","dateModified":"2024-07-02T06:36:31+00:00","author":{"@id":"https:\/\/electricasudanell.com\/#\/schema\/person\/258a506f6c4ac536e09f60c70724ac04"},"description":"En relaci\u00f3n al Impuesto Especial sobre la Electricidad (IEE), del Real Decreto -ley 8\/2023 del 27 diciembre. A partir del 1 de julio de 2024, modifica su","breadcrumb":{"@id":"https:\/\/electricasudanell.com\/novedades-julio-2024\/#breadcrumb"},"inLanguage":"es","potentialAction":[{"@type":"ReadAction","target":["https:\/\/electricasudanell.com\/novedades-julio-2024\/"]}]},{"@type":"BreadcrumbList","@id":"https:\/\/electricasudanell.com\/novedades-julio-2024\/#breadcrumb","itemListElement":[{"@type":"ListItem","position":1,"name":"Inici","item":"https:\/\/electricasudanell.com\/inicio\/"},{"@type":"ListItem","position":2,"name":"NOVEDADES JULIO 2024"}]},{"@type":"WebSite","@id":"https:\/\/electricasudanell.com\/#website","url":"https:\/\/electricasudanell.com\/","name":"El\u00e8ctrica Sudanell","description":"Altre lloc gestionat amb el WordPress","potentialAction":[{"@type":"SearchAction","target":{"@type":"EntryPoint","urlTemplate":"https:\/\/electricasudanell.com\/?s={search_term_string}"},"query-input":{"@type":"PropertyValueSpecification","valueRequired":true,"valueName":"search_term_string"}}],"inLanguage":"es"},{"@type":"Person","@id":"https:\/\/electricasudanell.com\/#\/schema\/person\/258a506f6c4ac536e09f60c70724ac04","name":"esudanell","image":{"@type":"ImageObject","inLanguage":"es","@id":"https:\/\/secure.gravatar.com\/avatar\/6155959586ec1f945f5381d96fa048638716f3f597e2293982309a7df63b8bc5?s=96&d=mm&r=g","url":"https:\/\/secure.gravatar.com\/avatar\/6155959586ec1f945f5381d96fa048638716f3f597e2293982309a7df63b8bc5?s=96&d=mm&r=g","contentUrl":"https:\/\/secure.gravatar.com\/avatar\/6155959586ec1f945f5381d96fa048638716f3f597e2293982309a7df63b8bc5?s=96&d=mm&r=g","caption":"esudanell"},"url":"https:\/\/electricasudanell.com\/es\/author\/esudanell\/"}]}},"_links":{"self":[{"href":"https:\/\/electricasudanell.com\/es\/wp-json\/wp\/v2\/posts\/913","targetHints":{"allow":["GET"]}}],"collection":[{"href":"https:\/\/electricasudanell.com\/es\/wp-json\/wp\/v2\/posts"}],"about":[{"href":"https:\/\/electricasudanell.com\/es\/wp-json\/wp\/v2\/types\/post"}],"author":[{"embeddable":true,"href":"https:\/\/electricasudanell.com\/es\/wp-json\/wp\/v2\/users\/2"}],"replies":[{"embeddable":true,"href":"https:\/\/electricasudanell.com\/es\/wp-json\/wp\/v2\/comments?post=913"}],"version-history":[{"count":4,"href":"https:\/\/electricasudanell.com\/es\/wp-json\/wp\/v2\/posts\/913\/revisions"}],"predecessor-version":[{"id":919,"href":"https:\/\/electricasudanell.com\/es\/wp-json\/wp\/v2\/posts\/913\/revisions\/919"}],"wp:attachment":[{"href":"https:\/\/electricasudanell.com\/es\/wp-json\/wp\/v2\/media?parent=913"}],"wp:term":[{"taxonomy":"category","embeddable":true,"href":"https:\/\/electricasudanell.com\/es\/wp-json\/wp\/v2\/categories?post=913"},{"taxonomy":"post_tag","embeddable":true,"href":"https:\/\/electricasudanell.com\/es\/wp-json\/wp\/v2\/tags?post=913"}],"curies":[{"name":"wp","href":"https:\/\/api.w.org\/{rel}","templated":true}]}}