{"id":886,"date":"2024-02-29T12:45:21","date_gmt":"2024-02-29T11:45:21","guid":{"rendered":"https:\/\/electricasudanell.com\/novedades-febrero-2024\/"},"modified":"2024-04-17T13:01:20","modified_gmt":"2024-04-17T12:01:20","slug":"novedades-febrero-2024","status":"publish","type":"post","link":"https:\/\/electricasudanell.com\/es\/novedades-febrero-2024\/","title":{"rendered":"NOVEDADES FEBRERO 2024"},"content":{"rendered":"<p>El cargo del <strong>\u00abMecanismo de Ajuste de Gas\u00bb<\/strong> , creado para afrontar las consecuencias econ\u00f3micas y sociales derivadas del conflicto de Ucrania y Oriente Pr\u00f3ximo, as\u00ed como paliar los efectos de la sequ\u00eda; dej\u00f3 de aplicarse a finales del 2023, manteni\u00e9ndose para los pr\u00f3ximos meses.<\/p>\n<hr \/>\n<p>Implementaci\u00f3n de la <strong>\u00abBater\u00eda Virtual\u00bb<\/strong> en la facturaci\u00f3n de los usuarios que tengan placas solares pora Autoconsumo.<br \/>\nLa bater\u00eda virtual convierte los excedentes generados (si <span class=\"hiddenSpellError\">los<\/span> hay) en euros; compensando el importe de la energ\u00eda mensual.<\/p>\n","protected":false},"excerpt":{"rendered":"<p>El cargo del \u00abMecanismo de Ajuste de Gas\u00bb , creado para afrontar las consecuencias econ\u00f3micas y sociales derivadas del conflicto de Ucrania y Oriente Pr\u00f3ximo, as\u00ed como paliar los efectos de la sequ\u00eda; dej\u00f3 de aplicarse a finales del 2023, manteni\u00e9ndose para los pr\u00f3ximos meses. Implementaci\u00f3n de la \u00abBater\u00eda Virtual\u00bb en la facturaci\u00f3n de los [&hellip;]<\/p>\n","protected":false},"author":2,"featured_media":0,"comment_status":"open","ping_status":"open","sticky":false,"template":"","format":"standard","meta":{"_acf_changed":false,"footnotes":""},"categories":[8],"tags":[],"class_list":["post-886","post","type-post","status-publish","format-standard","hentry","category-noticies-es"],"acf":[],"yoast_head":"<!-- This site is optimized with the Yoast SEO plugin v27.5 - https:\/\/yoast.com\/product\/yoast-seo-wordpress\/ -->\n<title>NOVEDADES FEBRERO 2024 - El\u00e8ctrica Sudanell<\/title>\n<meta name=\"description\" content=\"El cargo del &quot;Mecanismo de Ajuste de Gas&quot; , creado para afrontar las consecuencias econ\u00f3micas y sociales derivadas del conflicto de Ucrania y Oriente\" \/>\n<meta name=\"robots\" content=\"index, follow, max-snippet:-1, max-image-preview:large, max-video-preview:-1\" \/>\n<link rel=\"canonical\" href=\"https:\/\/electricasudanell.com\/novedades-febrero-2024\/\" \/>\n<meta property=\"og:locale\" content=\"es_ES\" \/>\n<meta property=\"og:type\" content=\"article\" \/>\n<meta property=\"og:title\" content=\"NOVEDADES FEBRERO 2024 - El\u00e8ctrica Sudanell\" \/>\n<meta property=\"og:description\" content=\"El cargo del &quot;Mecanismo de Ajuste de Gas&quot; , creado para afrontar las consecuencias econ\u00f3micas y sociales derivadas del conflicto de Ucrania y Oriente\" \/>\n<meta property=\"og:url\" content=\"https:\/\/electricasudanell.com\/novedades-febrero-2024\/\" \/>\n<meta property=\"og:site_name\" content=\"El\u00e8ctrica Sudanell\" \/>\n<meta property=\"article:published_time\" content=\"2024-02-29T11:45:21+00:00\" \/>\n<meta property=\"article:modified_time\" content=\"2024-04-17T12:01:20+00:00\" \/>\n<meta name=\"author\" content=\"esudanell\" \/>\n<meta name=\"twitter:card\" content=\"summary_large_image\" \/>\n<meta name=\"twitter:label1\" content=\"Escrito por\" \/>\n\t<meta name=\"twitter:data1\" content=\"esudanell\" \/>\n<script type=\"application\/ld+json\" class=\"yoast-schema-graph\">{\"@context\":\"https:\\\/\\\/schema.org\",\"@graph\":[{\"@type\":\"Article\",\"@id\":\"https:\\\/\\\/electricasudanell.com\\\/novedades-febrero-2024\\\/#article\",\"isPartOf\":{\"@id\":\"https:\\\/\\\/electricasudanell.com\\\/novedades-febrero-2024\\\/\"},\"author\":{\"name\":\"esudanell\",\"@id\":\"https:\\\/\\\/electricasudanell.com\\\/#\\\/schema\\\/person\\\/258a506f6c4ac536e09f60c70724ac04\"},\"headline\":\"NOVEDADES FEBRERO 2024\",\"datePublished\":\"2024-02-29T11:45:21+00:00\",\"dateModified\":\"2024-04-17T12:01:20+00:00\",\"mainEntityOfPage\":{\"@id\":\"https:\\\/\\\/electricasudanell.com\\\/novedades-febrero-2024\\\/\"},\"wordCount\":91,\"commentCount\":0,\"articleSection\":[\"Noticies\"],\"inLanguage\":\"es\",\"potentialAction\":[{\"@type\":\"CommentAction\",\"name\":\"Comment\",\"target\":[\"https:\\\/\\\/electricasudanell.com\\\/novedades-febrero-2024\\\/#respond\"]}]},{\"@type\":\"WebPage\",\"@id\":\"https:\\\/\\\/electricasudanell.com\\\/novedades-febrero-2024\\\/\",\"url\":\"https:\\\/\\\/electricasudanell.com\\\/novedades-febrero-2024\\\/\",\"name\":\"NOVEDADES FEBRERO 2024 - El\u00e8ctrica Sudanell\",\"isPartOf\":{\"@id\":\"https:\\\/\\\/electricasudanell.com\\\/#website\"},\"datePublished\":\"2024-02-29T11:45:21+00:00\",\"dateModified\":\"2024-04-17T12:01:20+00:00\",\"author\":{\"@id\":\"https:\\\/\\\/electricasudanell.com\\\/#\\\/schema\\\/person\\\/258a506f6c4ac536e09f60c70724ac04\"},\"description\":\"El cargo del \\\"Mecanismo de Ajuste de Gas\\\" , creado para afrontar las consecuencias econ\u00f3micas y sociales derivadas del conflicto de Ucrania y Oriente\",\"breadcrumb\":{\"@id\":\"https:\\\/\\\/electricasudanell.com\\\/novedades-febrero-2024\\\/#breadcrumb\"},\"inLanguage\":\"es\",\"potentialAction\":[{\"@type\":\"ReadAction\",\"target\":[\"https:\\\/\\\/electricasudanell.com\\\/novedades-febrero-2024\\\/\"]}]},{\"@type\":\"BreadcrumbList\",\"@id\":\"https:\\\/\\\/electricasudanell.com\\\/novedades-febrero-2024\\\/#breadcrumb\",\"itemListElement\":[{\"@type\":\"ListItem\",\"position\":1,\"name\":\"Inici\",\"item\":\"https:\\\/\\\/electricasudanell.com\\\/inicio\\\/\"},{\"@type\":\"ListItem\",\"position\":2,\"name\":\"NOVEDADES FEBRERO 2024\"}]},{\"@type\":\"WebSite\",\"@id\":\"https:\\\/\\\/electricasudanell.com\\\/#website\",\"url\":\"https:\\\/\\\/electricasudanell.com\\\/\",\"name\":\"El\u00e8ctrica Sudanell\",\"description\":\"Altre lloc gestionat amb el WordPress\",\"potentialAction\":[{\"@type\":\"SearchAction\",\"target\":{\"@type\":\"EntryPoint\",\"urlTemplate\":\"https:\\\/\\\/electricasudanell.com\\\/?s={search_term_string}\"},\"query-input\":{\"@type\":\"PropertyValueSpecification\",\"valueRequired\":true,\"valueName\":\"search_term_string\"}}],\"inLanguage\":\"es\"},{\"@type\":\"Person\",\"@id\":\"https:\\\/\\\/electricasudanell.com\\\/#\\\/schema\\\/person\\\/258a506f6c4ac536e09f60c70724ac04\",\"name\":\"esudanell\",\"image\":{\"@type\":\"ImageObject\",\"inLanguage\":\"es\",\"@id\":\"https:\\\/\\\/secure.gravatar.com\\\/avatar\\\/6155959586ec1f945f5381d96fa048638716f3f597e2293982309a7df63b8bc5?s=96&d=mm&r=g\",\"url\":\"https:\\\/\\\/secure.gravatar.com\\\/avatar\\\/6155959586ec1f945f5381d96fa048638716f3f597e2293982309a7df63b8bc5?s=96&d=mm&r=g\",\"contentUrl\":\"https:\\\/\\\/secure.gravatar.com\\\/avatar\\\/6155959586ec1f945f5381d96fa048638716f3f597e2293982309a7df63b8bc5?s=96&d=mm&r=g\",\"caption\":\"esudanell\"},\"url\":\"https:\\\/\\\/electricasudanell.com\\\/es\\\/author\\\/esudanell\\\/\"}]}<\/script>\n<!-- \/ Yoast SEO plugin. -->","yoast_head_json":{"title":"NOVEDADES FEBRERO 2024 - El\u00e8ctrica Sudanell","description":"El cargo del \"Mecanismo de Ajuste de Gas\" , creado para afrontar las consecuencias econ\u00f3micas y sociales derivadas del conflicto de Ucrania y Oriente","robots":{"index":"index","follow":"follow","max-snippet":"max-snippet:-1","max-image-preview":"max-image-preview:large","max-video-preview":"max-video-preview:-1"},"canonical":"https:\/\/electricasudanell.com\/novedades-febrero-2024\/","og_locale":"es_ES","og_type":"article","og_title":"NOVEDADES FEBRERO 2024 - El\u00e8ctrica Sudanell","og_description":"El cargo del \"Mecanismo de Ajuste de Gas\" , creado para afrontar las consecuencias econ\u00f3micas y sociales derivadas del conflicto de Ucrania y Oriente","og_url":"https:\/\/electricasudanell.com\/novedades-febrero-2024\/","og_site_name":"El\u00e8ctrica Sudanell","article_published_time":"2024-02-29T11:45:21+00:00","article_modified_time":"2024-04-17T12:01:20+00:00","author":"esudanell","twitter_card":"summary_large_image","twitter_misc":{"Escrito por":"esudanell"},"schema":{"@context":"https:\/\/schema.org","@graph":[{"@type":"Article","@id":"https:\/\/electricasudanell.com\/novedades-febrero-2024\/#article","isPartOf":{"@id":"https:\/\/electricasudanell.com\/novedades-febrero-2024\/"},"author":{"name":"esudanell","@id":"https:\/\/electricasudanell.com\/#\/schema\/person\/258a506f6c4ac536e09f60c70724ac04"},"headline":"NOVEDADES FEBRERO 2024","datePublished":"2024-02-29T11:45:21+00:00","dateModified":"2024-04-17T12:01:20+00:00","mainEntityOfPage":{"@id":"https:\/\/electricasudanell.com\/novedades-febrero-2024\/"},"wordCount":91,"commentCount":0,"articleSection":["Noticies"],"inLanguage":"es","potentialAction":[{"@type":"CommentAction","name":"Comment","target":["https:\/\/electricasudanell.com\/novedades-febrero-2024\/#respond"]}]},{"@type":"WebPage","@id":"https:\/\/electricasudanell.com\/novedades-febrero-2024\/","url":"https:\/\/electricasudanell.com\/novedades-febrero-2024\/","name":"NOVEDADES FEBRERO 2024 - El\u00e8ctrica Sudanell","isPartOf":{"@id":"https:\/\/electricasudanell.com\/#website"},"datePublished":"2024-02-29T11:45:21+00:00","dateModified":"2024-04-17T12:01:20+00:00","author":{"@id":"https:\/\/electricasudanell.com\/#\/schema\/person\/258a506f6c4ac536e09f60c70724ac04"},"description":"El cargo del \"Mecanismo de Ajuste de Gas\" , creado para afrontar las consecuencias econ\u00f3micas y sociales derivadas del conflicto de Ucrania y Oriente","breadcrumb":{"@id":"https:\/\/electricasudanell.com\/novedades-febrero-2024\/#breadcrumb"},"inLanguage":"es","potentialAction":[{"@type":"ReadAction","target":["https:\/\/electricasudanell.com\/novedades-febrero-2024\/"]}]},{"@type":"BreadcrumbList","@id":"https:\/\/electricasudanell.com\/novedades-febrero-2024\/#breadcrumb","itemListElement":[{"@type":"ListItem","position":1,"name":"Inici","item":"https:\/\/electricasudanell.com\/inicio\/"},{"@type":"ListItem","position":2,"name":"NOVEDADES FEBRERO 2024"}]},{"@type":"WebSite","@id":"https:\/\/electricasudanell.com\/#website","url":"https:\/\/electricasudanell.com\/","name":"El\u00e8ctrica Sudanell","description":"Altre lloc gestionat amb el WordPress","potentialAction":[{"@type":"SearchAction","target":{"@type":"EntryPoint","urlTemplate":"https:\/\/electricasudanell.com\/?s={search_term_string}"},"query-input":{"@type":"PropertyValueSpecification","valueRequired":true,"valueName":"search_term_string"}}],"inLanguage":"es"},{"@type":"Person","@id":"https:\/\/electricasudanell.com\/#\/schema\/person\/258a506f6c4ac536e09f60c70724ac04","name":"esudanell","image":{"@type":"ImageObject","inLanguage":"es","@id":"https:\/\/secure.gravatar.com\/avatar\/6155959586ec1f945f5381d96fa048638716f3f597e2293982309a7df63b8bc5?s=96&d=mm&r=g","url":"https:\/\/secure.gravatar.com\/avatar\/6155959586ec1f945f5381d96fa048638716f3f597e2293982309a7df63b8bc5?s=96&d=mm&r=g","contentUrl":"https:\/\/secure.gravatar.com\/avatar\/6155959586ec1f945f5381d96fa048638716f3f597e2293982309a7df63b8bc5?s=96&d=mm&r=g","caption":"esudanell"},"url":"https:\/\/electricasudanell.com\/es\/author\/esudanell\/"}]}},"_links":{"self":[{"href":"https:\/\/electricasudanell.com\/es\/wp-json\/wp\/v2\/posts\/886","targetHints":{"allow":["GET"]}}],"collection":[{"href":"https:\/\/electricasudanell.com\/es\/wp-json\/wp\/v2\/posts"}],"about":[{"href":"https:\/\/electricasudanell.com\/es\/wp-json\/wp\/v2\/types\/post"}],"author":[{"embeddable":true,"href":"https:\/\/electricasudanell.com\/es\/wp-json\/wp\/v2\/users\/2"}],"replies":[{"embeddable":true,"href":"https:\/\/electricasudanell.com\/es\/wp-json\/wp\/v2\/comments?post=886"}],"version-history":[{"count":1,"href":"https:\/\/electricasudanell.com\/es\/wp-json\/wp\/v2\/posts\/886\/revisions"}],"predecessor-version":[{"id":887,"href":"https:\/\/electricasudanell.com\/es\/wp-json\/wp\/v2\/posts\/886\/revisions\/887"}],"wp:attachment":[{"href":"https:\/\/electricasudanell.com\/es\/wp-json\/wp\/v2\/media?parent=886"}],"wp:term":[{"taxonomy":"category","embeddable":true,"href":"https:\/\/electricasudanell.com\/es\/wp-json\/wp\/v2\/categories?post=886"},{"taxonomy":"post_tag","embeddable":true,"href":"https:\/\/electricasudanell.com\/es\/wp-json\/wp\/v2\/tags?post=886"}],"curies":[{"name":"wp","href":"https:\/\/api.w.org\/{rel}","templated":true}]}}