{"id":833,"date":"2024-01-31T08:42:42","date_gmt":"2024-01-31T07:42:42","guid":{"rendered":"https:\/\/electricasudanell.com\/novedades-enero-2024\/"},"modified":"2024-04-17T13:02:23","modified_gmt":"2024-04-17T12:02:23","slug":"novedades-enero-2024","status":"publish","type":"post","link":"https:\/\/electricasudanell.com\/es\/novedades-enero-2024\/","title":{"rendered":"NOVEDADES ENERO 2024"},"content":{"rendered":"<p>MEDIDAS FISCALES DE APLICACI\u00d3N PARA EL A\u00d1O 2024 (Real Decreto-Ley 8\/2023)<\/p>\n<p>Pr\u00f3rroga medidas fiscales:<br \/>\n\u2022 IVA 10% \u2192Todo 2024 (desde 01\/01\/2024 hasta 31\/12\/2024)<br \/>\n\u2022 IEE 2,5% \u2192 Desde 01\/01\/2024 hasta 31\/03\/2024 (Impuesto Especial sobre la Electricidad)<br \/>\n\u2022 IEE 3,8% \u2192 Desde 01\/04\/2024 hasta 30\/06\/2024 (Impuesto Especial sobre la Electricidad)<\/p>\n<p>Real decreto ley 8\/2023, de 27 de diciembre, por el que se adoptan medidas para afrontar las<br \/>\nconsecuencias econ\u00f3micas y sociales derivadas de los conflictos en Ucrania y Oriente Pr\u00f3ximo, as\u00ed como<br \/>\ncomo para paliar los efectos de la sequ\u00eda.<\/p>\n","protected":false},"excerpt":{"rendered":"<p>MEDIDAS FISCALES DE APLICACI\u00d3N PARA EL A\u00d1O 2024 (Real Decreto-Ley 8\/2023) Pr\u00f3rroga medidas fiscales: \u2022 IVA 10% \u2192Todo 2024 (desde 01\/01\/2024 hasta 31\/12\/2024) \u2022 IEE 2,5% \u2192 Desde 01\/01\/2024 hasta 31\/03\/2024 (Impuesto Especial sobre la Electricidad) \u2022 IEE 3,8% \u2192 Desde 01\/04\/2024 hasta 30\/06\/2024 (Impuesto Especial sobre la Electricidad) Real decreto ley 8\/2023, de 27 [&hellip;]<\/p>\n","protected":false},"author":2,"featured_media":0,"comment_status":"open","ping_status":"open","sticky":false,"template":"","format":"standard","meta":{"_acf_changed":false,"footnotes":""},"categories":[8],"tags":[],"class_list":["post-833","post","type-post","status-publish","format-standard","hentry","category-noticies-es"],"acf":[],"yoast_head":"<!-- This site is optimized with the Yoast SEO plugin v27.5 - https:\/\/yoast.com\/product\/yoast-seo-wordpress\/ -->\n<title>NOVEDADES ENERO 2024 - El\u00e8ctrica Sudanell<\/title>\n<meta name=\"description\" content=\"MEDIDAS FISCALES DE APLICACI\u00d3N PARA EL A\u00d1O 2024 (Real Decreto-Ley 8\/2023) Pr\u00f3rroga medidas fiscales: \u2022 IVA 10% \u2192Todo 2024 (desde 01\/01\/2024 hasta\" \/>\n<meta name=\"robots\" content=\"index, follow, max-snippet:-1, max-image-preview:large, max-video-preview:-1\" \/>\n<link rel=\"canonical\" href=\"https:\/\/electricasudanell.com\/novedades-enero-2024\/\" \/>\n<meta property=\"og:locale\" content=\"es_ES\" \/>\n<meta property=\"og:type\" content=\"article\" \/>\n<meta property=\"og:title\" content=\"NOVEDADES ENERO 2024 - El\u00e8ctrica Sudanell\" \/>\n<meta property=\"og:description\" content=\"MEDIDAS FISCALES DE APLICACI\u00d3N PARA EL A\u00d1O 2024 (Real Decreto-Ley 8\/2023) Pr\u00f3rroga medidas fiscales: \u2022 IVA 10% \u2192Todo 2024 (desde 01\/01\/2024 hasta\" \/>\n<meta property=\"og:url\" content=\"https:\/\/electricasudanell.com\/novedades-enero-2024\/\" \/>\n<meta property=\"og:site_name\" content=\"El\u00e8ctrica Sudanell\" \/>\n<meta property=\"article:published_time\" content=\"2024-01-31T07:42:42+00:00\" \/>\n<meta property=\"article:modified_time\" content=\"2024-04-17T12:02:23+00:00\" \/>\n<meta name=\"author\" content=\"esudanell\" \/>\n<meta name=\"twitter:card\" content=\"summary_large_image\" \/>\n<meta name=\"twitter:label1\" content=\"Escrito por\" \/>\n\t<meta name=\"twitter:data1\" content=\"esudanell\" \/>\n<script type=\"application\/ld+json\" class=\"yoast-schema-graph\">{\"@context\":\"https:\\\/\\\/schema.org\",\"@graph\":[{\"@type\":\"Article\",\"@id\":\"https:\\\/\\\/electricasudanell.com\\\/novedades-enero-2024\\\/#article\",\"isPartOf\":{\"@id\":\"https:\\\/\\\/electricasudanell.com\\\/novedades-enero-2024\\\/\"},\"author\":{\"name\":\"esudanell\",\"@id\":\"https:\\\/\\\/electricasudanell.com\\\/#\\\/schema\\\/person\\\/258a506f6c4ac536e09f60c70724ac04\"},\"headline\":\"NOVEDADES ENERO 2024\",\"datePublished\":\"2024-01-31T07:42:42+00:00\",\"dateModified\":\"2024-04-17T12:02:23+00:00\",\"mainEntityOfPage\":{\"@id\":\"https:\\\/\\\/electricasudanell.com\\\/novedades-enero-2024\\\/\"},\"wordCount\":78,\"commentCount\":0,\"articleSection\":[\"Noticies\"],\"inLanguage\":\"es\",\"potentialAction\":[{\"@type\":\"CommentAction\",\"name\":\"Comment\",\"target\":[\"https:\\\/\\\/electricasudanell.com\\\/novedades-enero-2024\\\/#respond\"]}]},{\"@type\":\"WebPage\",\"@id\":\"https:\\\/\\\/electricasudanell.com\\\/novedades-enero-2024\\\/\",\"url\":\"https:\\\/\\\/electricasudanell.com\\\/novedades-enero-2024\\\/\",\"name\":\"NOVEDADES ENERO 2024 - El\u00e8ctrica Sudanell\",\"isPartOf\":{\"@id\":\"https:\\\/\\\/electricasudanell.com\\\/#website\"},\"datePublished\":\"2024-01-31T07:42:42+00:00\",\"dateModified\":\"2024-04-17T12:02:23+00:00\",\"author\":{\"@id\":\"https:\\\/\\\/electricasudanell.com\\\/#\\\/schema\\\/person\\\/258a506f6c4ac536e09f60c70724ac04\"},\"description\":\"MEDIDAS FISCALES DE APLICACI\u00d3N PARA EL A\u00d1O 2024 (Real Decreto-Ley 8\\\/2023) Pr\u00f3rroga medidas fiscales: \u2022 IVA 10% \u2192Todo 2024 (desde 01\\\/01\\\/2024 hasta\",\"breadcrumb\":{\"@id\":\"https:\\\/\\\/electricasudanell.com\\\/novedades-enero-2024\\\/#breadcrumb\"},\"inLanguage\":\"es\",\"potentialAction\":[{\"@type\":\"ReadAction\",\"target\":[\"https:\\\/\\\/electricasudanell.com\\\/novedades-enero-2024\\\/\"]}]},{\"@type\":\"BreadcrumbList\",\"@id\":\"https:\\\/\\\/electricasudanell.com\\\/novedades-enero-2024\\\/#breadcrumb\",\"itemListElement\":[{\"@type\":\"ListItem\",\"position\":1,\"name\":\"Inici\",\"item\":\"https:\\\/\\\/electricasudanell.com\\\/inicio\\\/\"},{\"@type\":\"ListItem\",\"position\":2,\"name\":\"NOVEDADES ENERO 2024\"}]},{\"@type\":\"WebSite\",\"@id\":\"https:\\\/\\\/electricasudanell.com\\\/#website\",\"url\":\"https:\\\/\\\/electricasudanell.com\\\/\",\"name\":\"El\u00e8ctrica Sudanell\",\"description\":\"Altre lloc gestionat amb el WordPress\",\"potentialAction\":[{\"@type\":\"SearchAction\",\"target\":{\"@type\":\"EntryPoint\",\"urlTemplate\":\"https:\\\/\\\/electricasudanell.com\\\/?s={search_term_string}\"},\"query-input\":{\"@type\":\"PropertyValueSpecification\",\"valueRequired\":true,\"valueName\":\"search_term_string\"}}],\"inLanguage\":\"es\"},{\"@type\":\"Person\",\"@id\":\"https:\\\/\\\/electricasudanell.com\\\/#\\\/schema\\\/person\\\/258a506f6c4ac536e09f60c70724ac04\",\"name\":\"esudanell\",\"image\":{\"@type\":\"ImageObject\",\"inLanguage\":\"es\",\"@id\":\"https:\\\/\\\/secure.gravatar.com\\\/avatar\\\/6155959586ec1f945f5381d96fa048638716f3f597e2293982309a7df63b8bc5?s=96&d=mm&r=g\",\"url\":\"https:\\\/\\\/secure.gravatar.com\\\/avatar\\\/6155959586ec1f945f5381d96fa048638716f3f597e2293982309a7df63b8bc5?s=96&d=mm&r=g\",\"contentUrl\":\"https:\\\/\\\/secure.gravatar.com\\\/avatar\\\/6155959586ec1f945f5381d96fa048638716f3f597e2293982309a7df63b8bc5?s=96&d=mm&r=g\",\"caption\":\"esudanell\"},\"url\":\"https:\\\/\\\/electricasudanell.com\\\/es\\\/author\\\/esudanell\\\/\"}]}<\/script>\n<!-- \/ Yoast SEO plugin. -->","yoast_head_json":{"title":"NOVEDADES ENERO 2024 - El\u00e8ctrica Sudanell","description":"MEDIDAS FISCALES DE APLICACI\u00d3N PARA EL A\u00d1O 2024 (Real Decreto-Ley 8\/2023) Pr\u00f3rroga medidas fiscales: \u2022 IVA 10% \u2192Todo 2024 (desde 01\/01\/2024 hasta","robots":{"index":"index","follow":"follow","max-snippet":"max-snippet:-1","max-image-preview":"max-image-preview:large","max-video-preview":"max-video-preview:-1"},"canonical":"https:\/\/electricasudanell.com\/novedades-enero-2024\/","og_locale":"es_ES","og_type":"article","og_title":"NOVEDADES ENERO 2024 - El\u00e8ctrica Sudanell","og_description":"MEDIDAS FISCALES DE APLICACI\u00d3N PARA EL A\u00d1O 2024 (Real Decreto-Ley 8\/2023) Pr\u00f3rroga medidas fiscales: \u2022 IVA 10% \u2192Todo 2024 (desde 01\/01\/2024 hasta","og_url":"https:\/\/electricasudanell.com\/novedades-enero-2024\/","og_site_name":"El\u00e8ctrica Sudanell","article_published_time":"2024-01-31T07:42:42+00:00","article_modified_time":"2024-04-17T12:02:23+00:00","author":"esudanell","twitter_card":"summary_large_image","twitter_misc":{"Escrito por":"esudanell"},"schema":{"@context":"https:\/\/schema.org","@graph":[{"@type":"Article","@id":"https:\/\/electricasudanell.com\/novedades-enero-2024\/#article","isPartOf":{"@id":"https:\/\/electricasudanell.com\/novedades-enero-2024\/"},"author":{"name":"esudanell","@id":"https:\/\/electricasudanell.com\/#\/schema\/person\/258a506f6c4ac536e09f60c70724ac04"},"headline":"NOVEDADES ENERO 2024","datePublished":"2024-01-31T07:42:42+00:00","dateModified":"2024-04-17T12:02:23+00:00","mainEntityOfPage":{"@id":"https:\/\/electricasudanell.com\/novedades-enero-2024\/"},"wordCount":78,"commentCount":0,"articleSection":["Noticies"],"inLanguage":"es","potentialAction":[{"@type":"CommentAction","name":"Comment","target":["https:\/\/electricasudanell.com\/novedades-enero-2024\/#respond"]}]},{"@type":"WebPage","@id":"https:\/\/electricasudanell.com\/novedades-enero-2024\/","url":"https:\/\/electricasudanell.com\/novedades-enero-2024\/","name":"NOVEDADES ENERO 2024 - El\u00e8ctrica Sudanell","isPartOf":{"@id":"https:\/\/electricasudanell.com\/#website"},"datePublished":"2024-01-31T07:42:42+00:00","dateModified":"2024-04-17T12:02:23+00:00","author":{"@id":"https:\/\/electricasudanell.com\/#\/schema\/person\/258a506f6c4ac536e09f60c70724ac04"},"description":"MEDIDAS FISCALES DE APLICACI\u00d3N PARA EL A\u00d1O 2024 (Real Decreto-Ley 8\/2023) Pr\u00f3rroga medidas fiscales: \u2022 IVA 10% \u2192Todo 2024 (desde 01\/01\/2024 hasta","breadcrumb":{"@id":"https:\/\/electricasudanell.com\/novedades-enero-2024\/#breadcrumb"},"inLanguage":"es","potentialAction":[{"@type":"ReadAction","target":["https:\/\/electricasudanell.com\/novedades-enero-2024\/"]}]},{"@type":"BreadcrumbList","@id":"https:\/\/electricasudanell.com\/novedades-enero-2024\/#breadcrumb","itemListElement":[{"@type":"ListItem","position":1,"name":"Inici","item":"https:\/\/electricasudanell.com\/inicio\/"},{"@type":"ListItem","position":2,"name":"NOVEDADES ENERO 2024"}]},{"@type":"WebSite","@id":"https:\/\/electricasudanell.com\/#website","url":"https:\/\/electricasudanell.com\/","name":"El\u00e8ctrica Sudanell","description":"Altre lloc gestionat amb el WordPress","potentialAction":[{"@type":"SearchAction","target":{"@type":"EntryPoint","urlTemplate":"https:\/\/electricasudanell.com\/?s={search_term_string}"},"query-input":{"@type":"PropertyValueSpecification","valueRequired":true,"valueName":"search_term_string"}}],"inLanguage":"es"},{"@type":"Person","@id":"https:\/\/electricasudanell.com\/#\/schema\/person\/258a506f6c4ac536e09f60c70724ac04","name":"esudanell","image":{"@type":"ImageObject","inLanguage":"es","@id":"https:\/\/secure.gravatar.com\/avatar\/6155959586ec1f945f5381d96fa048638716f3f597e2293982309a7df63b8bc5?s=96&d=mm&r=g","url":"https:\/\/secure.gravatar.com\/avatar\/6155959586ec1f945f5381d96fa048638716f3f597e2293982309a7df63b8bc5?s=96&d=mm&r=g","contentUrl":"https:\/\/secure.gravatar.com\/avatar\/6155959586ec1f945f5381d96fa048638716f3f597e2293982309a7df63b8bc5?s=96&d=mm&r=g","caption":"esudanell"},"url":"https:\/\/electricasudanell.com\/es\/author\/esudanell\/"}]}},"_links":{"self":[{"href":"https:\/\/electricasudanell.com\/es\/wp-json\/wp\/v2\/posts\/833","targetHints":{"allow":["GET"]}}],"collection":[{"href":"https:\/\/electricasudanell.com\/es\/wp-json\/wp\/v2\/posts"}],"about":[{"href":"https:\/\/electricasudanell.com\/es\/wp-json\/wp\/v2\/types\/post"}],"author":[{"embeddable":true,"href":"https:\/\/electricasudanell.com\/es\/wp-json\/wp\/v2\/users\/2"}],"replies":[{"embeddable":true,"href":"https:\/\/electricasudanell.com\/es\/wp-json\/wp\/v2\/comments?post=833"}],"version-history":[{"count":1,"href":"https:\/\/electricasudanell.com\/es\/wp-json\/wp\/v2\/posts\/833\/revisions"}],"predecessor-version":[{"id":888,"href":"https:\/\/electricasudanell.com\/es\/wp-json\/wp\/v2\/posts\/833\/revisions\/888"}],"wp:attachment":[{"href":"https:\/\/electricasudanell.com\/es\/wp-json\/wp\/v2\/media?parent=833"}],"wp:term":[{"taxonomy":"category","embeddable":true,"href":"https:\/\/electricasudanell.com\/es\/wp-json\/wp\/v2\/categories?post=833"},{"taxonomy":"post_tag","embeddable":true,"href":"https:\/\/electricasudanell.com\/es\/wp-json\/wp\/v2\/tags?post=833"}],"curies":[{"name":"wp","href":"https:\/\/api.w.org\/{rel}","templated":true}]}}