{"id":1189,"date":"2026-01-30T09:59:00","date_gmt":"2026-01-30T08:59:00","guid":{"rendered":"https:\/\/electricasudanell.com\/noves-mesures-fiscals-daplicacio-a-partir-facturacio-consum-gener-2026\/"},"modified":"2026-01-30T10:07:06","modified_gmt":"2026-01-30T09:07:06","slug":"noves-mesures-fiscals-daplicacio-a-partir-facturacio-consum-gener-2026","status":"publish","type":"post","link":"https:\/\/electricasudanell.com\/es\/noves-mesures-fiscals-daplicacio-a-partir-facturacio-consum-gener-2026\/","title":{"rendered":"NUEVAS MEDIDAS FISCALES DE APLICACI\u00d3N A PARTIR FACTURACI\u00d3N CONSUMO ENERO 2026"},"content":{"rendered":"<p>Resoluci\u00f3n de 18 de diciembre de 2025, de la Comisi\u00f3n Nacional de los Mercados y la Competencia, por la que se establecen los valores de los peajes de acceso a las redes de transporte y distribuci\u00f3n de electricidad de aplicaci\u00f3n a partir del 1 de enero de 2026. BOE 306 del 22 de diciembre de 2025.<\/p>\n","protected":false},"excerpt":{"rendered":"<p>Resoluci\u00f3n de 18 de diciembre de 2025, de la Comisi\u00f3n Nacional de los Mercados y la Competencia, por la que se establecen los valores de los peajes de acceso a las redes de transporte y distribuci\u00f3n de electricidad de aplicaci\u00f3n a partir del 1 de enero de 2026. BOE 306 del 22 de diciembre de [&hellip;]<\/p>\n","protected":false},"author":2,"featured_media":0,"comment_status":"open","ping_status":"open","sticky":false,"template":"","format":"standard","meta":{"_acf_changed":false,"footnotes":""},"categories":[8,5],"tags":[],"class_list":["post-1189","post","type-post","status-publish","format-standard","hentry","category-noticies-es","category-sin-categorizar"],"acf":[],"yoast_head":"<!-- This site is optimized with the Yoast SEO plugin v27.5 - https:\/\/yoast.com\/product\/yoast-seo-wordpress\/ -->\n<title>NUEVAS MEDIDAS FISCALES DE APLICACI\u00d3N A PARTIR FACTURACI\u00d3N CONSUMO ENERO 2026 - El\u00e8ctrica Sudanell<\/title>\n<meta name=\"description\" content=\"Resoluci\u00f3n de 18 de diciembre de 2025, de la Comisi\u00f3n Nacional de los Mercados y la Competencia, por la que se establecen los valores de los peajes de\" \/>\n<meta name=\"robots\" content=\"index, follow, max-snippet:-1, max-image-preview:large, max-video-preview:-1\" \/>\n<link rel=\"canonical\" href=\"https:\/\/electricasudanell.com\/noves-mesures-fiscals-daplicacio-a-partir-facturacio-consum-gener-2026\/\" \/>\n<meta property=\"og:locale\" content=\"es_ES\" \/>\n<meta property=\"og:type\" content=\"article\" \/>\n<meta property=\"og:title\" content=\"NUEVAS MEDIDAS FISCALES DE APLICACI\u00d3N A PARTIR FACTURACI\u00d3N CONSUMO ENERO 2026 - El\u00e8ctrica Sudanell\" \/>\n<meta property=\"og:description\" content=\"Resoluci\u00f3n de 18 de diciembre de 2025, de la Comisi\u00f3n Nacional de los Mercados y la Competencia, por la que se establecen los valores de los peajes de\" \/>\n<meta property=\"og:url\" content=\"https:\/\/electricasudanell.com\/noves-mesures-fiscals-daplicacio-a-partir-facturacio-consum-gener-2026\/\" \/>\n<meta property=\"og:site_name\" content=\"El\u00e8ctrica Sudanell\" \/>\n<meta property=\"article:published_time\" content=\"2026-01-30T08:59:00+00:00\" \/>\n<meta property=\"article:modified_time\" content=\"2026-01-30T09:07:06+00:00\" \/>\n<meta name=\"author\" content=\"esudanell\" \/>\n<meta name=\"twitter:card\" content=\"summary_large_image\" \/>\n<meta name=\"twitter:label1\" content=\"Escrito por\" \/>\n\t<meta name=\"twitter:data1\" content=\"esudanell\" \/>\n<script type=\"application\/ld+json\" class=\"yoast-schema-graph\">{\"@context\":\"https:\\\/\\\/schema.org\",\"@graph\":[{\"@type\":\"Article\",\"@id\":\"https:\\\/\\\/electricasudanell.com\\\/noves-mesures-fiscals-daplicacio-a-partir-facturacio-consum-gener-2026\\\/#article\",\"isPartOf\":{\"@id\":\"https:\\\/\\\/electricasudanell.com\\\/noves-mesures-fiscals-daplicacio-a-partir-facturacio-consum-gener-2026\\\/\"},\"author\":{\"name\":\"esudanell\",\"@id\":\"https:\\\/\\\/electricasudanell.com\\\/#\\\/schema\\\/person\\\/258a506f6c4ac536e09f60c70724ac04\"},\"headline\":\"NUEVAS MEDIDAS FISCALES DE APLICACI\u00d3N A PARTIR FACTURACI\u00d3N CONSUMO ENERO 2026\",\"datePublished\":\"2026-01-30T08:59:00+00:00\",\"dateModified\":\"2026-01-30T09:07:06+00:00\",\"mainEntityOfPage\":{\"@id\":\"https:\\\/\\\/electricasudanell.com\\\/noves-mesures-fiscals-daplicacio-a-partir-facturacio-consum-gener-2026\\\/\"},\"wordCount\":65,\"commentCount\":0,\"articleSection\":[\"Noticies\",\"Sin categorizar\"],\"inLanguage\":\"es\",\"potentialAction\":[{\"@type\":\"CommentAction\",\"name\":\"Comment\",\"target\":[\"https:\\\/\\\/electricasudanell.com\\\/noves-mesures-fiscals-daplicacio-a-partir-facturacio-consum-gener-2026\\\/#respond\"]}]},{\"@type\":\"WebPage\",\"@id\":\"https:\\\/\\\/electricasudanell.com\\\/noves-mesures-fiscals-daplicacio-a-partir-facturacio-consum-gener-2026\\\/\",\"url\":\"https:\\\/\\\/electricasudanell.com\\\/noves-mesures-fiscals-daplicacio-a-partir-facturacio-consum-gener-2026\\\/\",\"name\":\"NUEVAS MEDIDAS FISCALES DE APLICACI\u00d3N A PARTIR FACTURACI\u00d3N CONSUMO ENERO 2026 - El\u00e8ctrica Sudanell\",\"isPartOf\":{\"@id\":\"https:\\\/\\\/electricasudanell.com\\\/#website\"},\"datePublished\":\"2026-01-30T08:59:00+00:00\",\"dateModified\":\"2026-01-30T09:07:06+00:00\",\"author\":{\"@id\":\"https:\\\/\\\/electricasudanell.com\\\/#\\\/schema\\\/person\\\/258a506f6c4ac536e09f60c70724ac04\"},\"description\":\"Resoluci\u00f3n de 18 de diciembre de 2025, de la Comisi\u00f3n Nacional de los Mercados y la Competencia, por la que se establecen los valores de los peajes de\",\"breadcrumb\":{\"@id\":\"https:\\\/\\\/electricasudanell.com\\\/noves-mesures-fiscals-daplicacio-a-partir-facturacio-consum-gener-2026\\\/#breadcrumb\"},\"inLanguage\":\"es\",\"potentialAction\":[{\"@type\":\"ReadAction\",\"target\":[\"https:\\\/\\\/electricasudanell.com\\\/noves-mesures-fiscals-daplicacio-a-partir-facturacio-consum-gener-2026\\\/\"]}]},{\"@type\":\"BreadcrumbList\",\"@id\":\"https:\\\/\\\/electricasudanell.com\\\/noves-mesures-fiscals-daplicacio-a-partir-facturacio-consum-gener-2026\\\/#breadcrumb\",\"itemListElement\":[{\"@type\":\"ListItem\",\"position\":1,\"name\":\"Inici\",\"item\":\"https:\\\/\\\/electricasudanell.com\\\/inicio\\\/\"},{\"@type\":\"ListItem\",\"position\":2,\"name\":\"NUEVAS MEDIDAS FISCALES DE APLICACI\u00d3N A PARTIR FACTURACI\u00d3N CONSUMO ENERO 2026\"}]},{\"@type\":\"WebSite\",\"@id\":\"https:\\\/\\\/electricasudanell.com\\\/#website\",\"url\":\"https:\\\/\\\/electricasudanell.com\\\/\",\"name\":\"El\u00e8ctrica Sudanell\",\"description\":\"Altre lloc gestionat amb el WordPress\",\"potentialAction\":[{\"@type\":\"SearchAction\",\"target\":{\"@type\":\"EntryPoint\",\"urlTemplate\":\"https:\\\/\\\/electricasudanell.com\\\/?s={search_term_string}\"},\"query-input\":{\"@type\":\"PropertyValueSpecification\",\"valueRequired\":true,\"valueName\":\"search_term_string\"}}],\"inLanguage\":\"es\"},{\"@type\":\"Person\",\"@id\":\"https:\\\/\\\/electricasudanell.com\\\/#\\\/schema\\\/person\\\/258a506f6c4ac536e09f60c70724ac04\",\"name\":\"esudanell\",\"image\":{\"@type\":\"ImageObject\",\"inLanguage\":\"es\",\"@id\":\"https:\\\/\\\/secure.gravatar.com\\\/avatar\\\/6155959586ec1f945f5381d96fa048638716f3f597e2293982309a7df63b8bc5?s=96&d=mm&r=g\",\"url\":\"https:\\\/\\\/secure.gravatar.com\\\/avatar\\\/6155959586ec1f945f5381d96fa048638716f3f597e2293982309a7df63b8bc5?s=96&d=mm&r=g\",\"contentUrl\":\"https:\\\/\\\/secure.gravatar.com\\\/avatar\\\/6155959586ec1f945f5381d96fa048638716f3f597e2293982309a7df63b8bc5?s=96&d=mm&r=g\",\"caption\":\"esudanell\"},\"url\":\"https:\\\/\\\/electricasudanell.com\\\/es\\\/author\\\/esudanell\\\/\"}]}<\/script>\n<!-- \/ Yoast SEO plugin. -->","yoast_head_json":{"title":"NUEVAS MEDIDAS FISCALES DE APLICACI\u00d3N A PARTIR FACTURACI\u00d3N CONSUMO ENERO 2026 - El\u00e8ctrica Sudanell","description":"Resoluci\u00f3n de 18 de diciembre de 2025, de la Comisi\u00f3n Nacional de los Mercados y la Competencia, por la que se establecen los valores de los peajes de","robots":{"index":"index","follow":"follow","max-snippet":"max-snippet:-1","max-image-preview":"max-image-preview:large","max-video-preview":"max-video-preview:-1"},"canonical":"https:\/\/electricasudanell.com\/noves-mesures-fiscals-daplicacio-a-partir-facturacio-consum-gener-2026\/","og_locale":"es_ES","og_type":"article","og_title":"NUEVAS MEDIDAS FISCALES DE APLICACI\u00d3N A PARTIR FACTURACI\u00d3N CONSUMO ENERO 2026 - El\u00e8ctrica Sudanell","og_description":"Resoluci\u00f3n de 18 de diciembre de 2025, de la Comisi\u00f3n Nacional de los Mercados y la Competencia, por la que se establecen los valores de los peajes de","og_url":"https:\/\/electricasudanell.com\/noves-mesures-fiscals-daplicacio-a-partir-facturacio-consum-gener-2026\/","og_site_name":"El\u00e8ctrica Sudanell","article_published_time":"2026-01-30T08:59:00+00:00","article_modified_time":"2026-01-30T09:07:06+00:00","author":"esudanell","twitter_card":"summary_large_image","twitter_misc":{"Escrito por":"esudanell"},"schema":{"@context":"https:\/\/schema.org","@graph":[{"@type":"Article","@id":"https:\/\/electricasudanell.com\/noves-mesures-fiscals-daplicacio-a-partir-facturacio-consum-gener-2026\/#article","isPartOf":{"@id":"https:\/\/electricasudanell.com\/noves-mesures-fiscals-daplicacio-a-partir-facturacio-consum-gener-2026\/"},"author":{"name":"esudanell","@id":"https:\/\/electricasudanell.com\/#\/schema\/person\/258a506f6c4ac536e09f60c70724ac04"},"headline":"NUEVAS MEDIDAS FISCALES DE APLICACI\u00d3N A PARTIR FACTURACI\u00d3N CONSUMO ENERO 2026","datePublished":"2026-01-30T08:59:00+00:00","dateModified":"2026-01-30T09:07:06+00:00","mainEntityOfPage":{"@id":"https:\/\/electricasudanell.com\/noves-mesures-fiscals-daplicacio-a-partir-facturacio-consum-gener-2026\/"},"wordCount":65,"commentCount":0,"articleSection":["Noticies","Sin categorizar"],"inLanguage":"es","potentialAction":[{"@type":"CommentAction","name":"Comment","target":["https:\/\/electricasudanell.com\/noves-mesures-fiscals-daplicacio-a-partir-facturacio-consum-gener-2026\/#respond"]}]},{"@type":"WebPage","@id":"https:\/\/electricasudanell.com\/noves-mesures-fiscals-daplicacio-a-partir-facturacio-consum-gener-2026\/","url":"https:\/\/electricasudanell.com\/noves-mesures-fiscals-daplicacio-a-partir-facturacio-consum-gener-2026\/","name":"NUEVAS MEDIDAS FISCALES DE APLICACI\u00d3N A PARTIR FACTURACI\u00d3N CONSUMO ENERO 2026 - El\u00e8ctrica Sudanell","isPartOf":{"@id":"https:\/\/electricasudanell.com\/#website"},"datePublished":"2026-01-30T08:59:00+00:00","dateModified":"2026-01-30T09:07:06+00:00","author":{"@id":"https:\/\/electricasudanell.com\/#\/schema\/person\/258a506f6c4ac536e09f60c70724ac04"},"description":"Resoluci\u00f3n de 18 de diciembre de 2025, de la Comisi\u00f3n Nacional de los Mercados y la Competencia, por la que se establecen los valores de los peajes de","breadcrumb":{"@id":"https:\/\/electricasudanell.com\/noves-mesures-fiscals-daplicacio-a-partir-facturacio-consum-gener-2026\/#breadcrumb"},"inLanguage":"es","potentialAction":[{"@type":"ReadAction","target":["https:\/\/electricasudanell.com\/noves-mesures-fiscals-daplicacio-a-partir-facturacio-consum-gener-2026\/"]}]},{"@type":"BreadcrumbList","@id":"https:\/\/electricasudanell.com\/noves-mesures-fiscals-daplicacio-a-partir-facturacio-consum-gener-2026\/#breadcrumb","itemListElement":[{"@type":"ListItem","position":1,"name":"Inici","item":"https:\/\/electricasudanell.com\/inicio\/"},{"@type":"ListItem","position":2,"name":"NUEVAS MEDIDAS FISCALES DE APLICACI\u00d3N A PARTIR FACTURACI\u00d3N CONSUMO ENERO 2026"}]},{"@type":"WebSite","@id":"https:\/\/electricasudanell.com\/#website","url":"https:\/\/electricasudanell.com\/","name":"El\u00e8ctrica Sudanell","description":"Altre lloc gestionat amb el WordPress","potentialAction":[{"@type":"SearchAction","target":{"@type":"EntryPoint","urlTemplate":"https:\/\/electricasudanell.com\/?s={search_term_string}"},"query-input":{"@type":"PropertyValueSpecification","valueRequired":true,"valueName":"search_term_string"}}],"inLanguage":"es"},{"@type":"Person","@id":"https:\/\/electricasudanell.com\/#\/schema\/person\/258a506f6c4ac536e09f60c70724ac04","name":"esudanell","image":{"@type":"ImageObject","inLanguage":"es","@id":"https:\/\/secure.gravatar.com\/avatar\/6155959586ec1f945f5381d96fa048638716f3f597e2293982309a7df63b8bc5?s=96&d=mm&r=g","url":"https:\/\/secure.gravatar.com\/avatar\/6155959586ec1f945f5381d96fa048638716f3f597e2293982309a7df63b8bc5?s=96&d=mm&r=g","contentUrl":"https:\/\/secure.gravatar.com\/avatar\/6155959586ec1f945f5381d96fa048638716f3f597e2293982309a7df63b8bc5?s=96&d=mm&r=g","caption":"esudanell"},"url":"https:\/\/electricasudanell.com\/es\/author\/esudanell\/"}]}},"_links":{"self":[{"href":"https:\/\/electricasudanell.com\/es\/wp-json\/wp\/v2\/posts\/1189","targetHints":{"allow":["GET"]}}],"collection":[{"href":"https:\/\/electricasudanell.com\/es\/wp-json\/wp\/v2\/posts"}],"about":[{"href":"https:\/\/electricasudanell.com\/es\/wp-json\/wp\/v2\/types\/post"}],"author":[{"embeddable":true,"href":"https:\/\/electricasudanell.com\/es\/wp-json\/wp\/v2\/users\/2"}],"replies":[{"embeddable":true,"href":"https:\/\/electricasudanell.com\/es\/wp-json\/wp\/v2\/comments?post=1189"}],"version-history":[{"count":3,"href":"https:\/\/electricasudanell.com\/es\/wp-json\/wp\/v2\/posts\/1189\/revisions"}],"predecessor-version":[{"id":1195,"href":"https:\/\/electricasudanell.com\/es\/wp-json\/wp\/v2\/posts\/1189\/revisions\/1195"}],"wp:attachment":[{"href":"https:\/\/electricasudanell.com\/es\/wp-json\/wp\/v2\/media?parent=1189"}],"wp:term":[{"taxonomy":"category","embeddable":true,"href":"https:\/\/electricasudanell.com\/es\/wp-json\/wp\/v2\/categories?post=1189"},{"taxonomy":"post_tag","embeddable":true,"href":"https:\/\/electricasudanell.com\/es\/wp-json\/wp\/v2\/tags?post=1189"}],"curies":[{"name":"wp","href":"https:\/\/api.w.org\/{rel}","templated":true}]}}