{"id":11092,"date":"2026-03-30T07:41:16","date_gmt":"2026-03-30T06:41:16","guid":{"rendered":"https:\/\/electricasudanell.com\/?p=11092"},"modified":"2026-03-30T07:57:23","modified_gmt":"2026-03-30T06:57:23","slug":"medidas-provisionales-aprobadas-para-atenuar-los-efectos-que-la-guerra-en-iran-ha-comenzado-a-provocar-en-la-economia","status":"publish","type":"post","link":"https:\/\/electricasudanell.com\/es\/medidas-provisionales-aprobadas-para-atenuar-los-efectos-que-la-guerra-en-iran-ha-comenzado-a-provocar-en-la-economia\/","title":{"rendered":"Medidas provisionales aprobadas para atenuar los efectos que la guerra en Ir\u00e1n ha comenzado a provocar en la econom\u00eda."},"content":{"rendered":"<p>Parte de las afectaciones del \u00e1mbito del suministro de electricidad. Ver texto completo <a href=\"https:\/\/aseme.us19.list-manage.com\/track\/click?u=20b66d4242aa0517ef9c8b39c&amp;id=294e928872&amp;e=90593a0563\">Real Decreto-ley 7\/2026<\/a><\/p>\n<p><strong>FLEXIBILIZACION TEMPORTAL DE LOS CONTRATOS DE SUMINISTRO DE ENERGIA EL\u00c9CTRICA<\/strong><\/p>\n<p><strong>Desde el 22 de marzo de 2026 hasta el 31 de diciembre de 2026<\/strong>. \u00a0Los puntos de suministro de electricidad titularidad de aut\u00f3nomos y empresas (sin distinci\u00f3n) pueden solicitar cambios en sus potencias contratadas sin esperar el plazo habitual de doce meses y sin costes adicionales (salvo casos espec\u00edficos como cambios de equipos).<\/p>\n<p><strong>MEDIDAS TRIBUTARIAS<\/strong><\/p>\n<p><strong>Aplicables en facturacion emitida desde el domingo 22 de marzo del 2026 y hasta el 30 de junio de 2026.\u00a0 <\/strong>Dependiendo del IPC del mes de abril, estas medidas dejar\u00edan de aplicarse en el mes mayo 2026.<\/p>\n<p><strong>1- Reducci\u00f3n del tipo impositivo del IVA al 10%<\/strong> (Art\u00edculo 42 RD-Ley 7\/2026)<\/p>\n<p>Se aplicar\u00e1 una reducci\u00f3n del tipo del 10% del Impuesto sobre el Valor A\u00f1adido (IVA) a las entregas, importaciones y adquisiciones intracomunitarias de energ\u00eda el\u00e9ctrica efectuadas a favor de titulares de contratos de suministro de electricidad, cuya potencia contratada sea inferior a 10 kW.<\/p>\n<p><strong>2- Reducci\u00f3n del tipo impositivo del IEE al 0,5% <\/strong>(Art\u00edculo 40 RD-Ley 7\/2026)<\/p>\n<p>Se aplicar\u00e1 el tipo impositivo del Impuesto Especial sobre la Electricidad (IEE) reducido del 0,5%. Para dar cumplimiento a la normativa europea de armonizaci\u00f3n que establece unos niveles m\u00ednimos de imposici\u00f3n, las cuotas resultantes de la aplicaci\u00f3n del tipo impositivo reducido no podr\u00e1n ser\u00a0 inferiores a:<\/p>\n<p>a) 0,5 \u20ac MWh, cuando la electricidad suministrada o consumida se utilice en usos industriales, embarcaciones atracadas en puerto y transporte por ferrocarril<\/p>\n<p>b) 1 \u20ac MWh, cuando la electricidad suministrada o consumida se destine a otros usos.<\/p>\n<p style=\"text-align: center;\"><a href=\"https:\/\/aseme.us19.list-manage.com\/track\/click?u=20b66d4242aa0517ef9c8b39c&amp;id=294e928872&amp;e=90593a0563\">Real Decreto-ley 7\/2026<\/a><\/p>\n","protected":false},"excerpt":{"rendered":"<p>Parte de las afectaciones del \u00e1mbito del suministro de electricidad. Ver texto completo Real Decreto-ley 7\/2026 FLEXIBILIZACION TEMPORTAL DE LOS CONTRATOS DE SUMINISTRO DE ENERGIA EL\u00c9CTRICA Desde el 22 de marzo de 2026 hasta el 31 de diciembre de 2026. \u00a0Los puntos de suministro de electricidad titularidad de aut\u00f3nomos y empresas (sin distinci\u00f3n) pueden solicitar [&hellip;]<\/p>\n","protected":false},"author":2,"featured_media":0,"comment_status":"open","ping_status":"open","sticky":false,"template":"","format":"standard","meta":{"_acf_changed":false,"footnotes":""},"categories":[8],"tags":[],"class_list":["post-11092","post","type-post","status-publish","format-standard","hentry","category-noticies-es"],"acf":[],"yoast_head":"<!-- This site is optimized with the Yoast SEO plugin v27.5 - https:\/\/yoast.com\/product\/yoast-seo-wordpress\/ -->\n<title>Medidas provisionales aprobadas para atenuar los efectos que la guerra en Ir\u00e1n ha comenzado a provocar en la econom\u00eda. - El\u00e8ctrica Sudanell<\/title>\n<meta name=\"description\" content=\"Parte de las afectaciones del \u00e1mbito del suministro de electricidad. Ver texto completo Real Decreto-ley 7\/2026 FLEXIBILIZACION TEMPORTAL DE LOS CONTRATOS\" \/>\n<meta name=\"robots\" content=\"index, follow, max-snippet:-1, max-image-preview:large, max-video-preview:-1\" \/>\n<link rel=\"canonical\" href=\"https:\/\/electricasudanell.com\/es\/medidas-provisionales-aprobadas-para-atenuar-los-efectos-que-la-guerra-en-iran-ha-comenzado-a-provocar-en-la-economia\/\" \/>\n<meta property=\"og:locale\" content=\"es_ES\" \/>\n<meta property=\"og:type\" content=\"article\" \/>\n<meta property=\"og:title\" content=\"Medidas provisionales aprobadas para atenuar los efectos que la guerra en Ir\u00e1n ha comenzado a provocar en la econom\u00eda. - El\u00e8ctrica Sudanell\" \/>\n<meta property=\"og:description\" content=\"Parte de las afectaciones del \u00e1mbito del suministro de electricidad. Ver texto completo Real Decreto-ley 7\/2026 FLEXIBILIZACION TEMPORTAL DE LOS CONTRATOS\" \/>\n<meta property=\"og:url\" content=\"https:\/\/electricasudanell.com\/es\/medidas-provisionales-aprobadas-para-atenuar-los-efectos-que-la-guerra-en-iran-ha-comenzado-a-provocar-en-la-economia\/\" \/>\n<meta property=\"og:site_name\" content=\"El\u00e8ctrica Sudanell\" \/>\n<meta property=\"article:published_time\" content=\"2026-03-30T06:41:16+00:00\" \/>\n<meta property=\"article:modified_time\" content=\"2026-03-30T06:57:23+00:00\" \/>\n<meta name=\"author\" content=\"esudanell\" \/>\n<meta name=\"twitter:card\" content=\"summary_large_image\" \/>\n<meta name=\"twitter:label1\" content=\"Escrito por\" \/>\n\t<meta name=\"twitter:data1\" content=\"esudanell\" \/>\n\t<meta name=\"twitter:label2\" content=\"Tiempo de lectura\" \/>\n\t<meta name=\"twitter:data2\" content=\"2 minutos\" \/>\n<script type=\"application\/ld+json\" class=\"yoast-schema-graph\">{\"@context\":\"https:\\\/\\\/schema.org\",\"@graph\":[{\"@type\":\"Article\",\"@id\":\"https:\\\/\\\/electricasudanell.com\\\/es\\\/medidas-provisionales-aprobadas-para-atenuar-los-efectos-que-la-guerra-en-iran-ha-comenzado-a-provocar-en-la-economia\\\/#article\",\"isPartOf\":{\"@id\":\"https:\\\/\\\/electricasudanell.com\\\/es\\\/medidas-provisionales-aprobadas-para-atenuar-los-efectos-que-la-guerra-en-iran-ha-comenzado-a-provocar-en-la-economia\\\/\"},\"author\":{\"name\":\"esudanell\",\"@id\":\"https:\\\/\\\/electricasudanell.com\\\/#\\\/schema\\\/person\\\/258a506f6c4ac536e09f60c70724ac04\"},\"headline\":\"Medidas provisionales aprobadas para atenuar los efectos que la guerra en Ir\u00e1n ha comenzado a provocar en la econom\u00eda.\",\"datePublished\":\"2026-03-30T06:41:16+00:00\",\"dateModified\":\"2026-03-30T06:57:23+00:00\",\"mainEntityOfPage\":{\"@id\":\"https:\\\/\\\/electricasudanell.com\\\/es\\\/medidas-provisionales-aprobadas-para-atenuar-los-efectos-que-la-guerra-en-iran-ha-comenzado-a-provocar-en-la-economia\\\/\"},\"wordCount\":290,\"commentCount\":0,\"articleSection\":[\"Noticies\"],\"inLanguage\":\"es\",\"potentialAction\":[{\"@type\":\"CommentAction\",\"name\":\"Comment\",\"target\":[\"https:\\\/\\\/electricasudanell.com\\\/es\\\/medidas-provisionales-aprobadas-para-atenuar-los-efectos-que-la-guerra-en-iran-ha-comenzado-a-provocar-en-la-economia\\\/#respond\"]}]},{\"@type\":\"WebPage\",\"@id\":\"https:\\\/\\\/electricasudanell.com\\\/es\\\/medidas-provisionales-aprobadas-para-atenuar-los-efectos-que-la-guerra-en-iran-ha-comenzado-a-provocar-en-la-economia\\\/\",\"url\":\"https:\\\/\\\/electricasudanell.com\\\/es\\\/medidas-provisionales-aprobadas-para-atenuar-los-efectos-que-la-guerra-en-iran-ha-comenzado-a-provocar-en-la-economia\\\/\",\"name\":\"Medidas provisionales aprobadas para atenuar los efectos que la guerra en Ir\u00e1n ha comenzado a provocar en la econom\u00eda. - El\u00e8ctrica Sudanell\",\"isPartOf\":{\"@id\":\"https:\\\/\\\/electricasudanell.com\\\/#website\"},\"datePublished\":\"2026-03-30T06:41:16+00:00\",\"dateModified\":\"2026-03-30T06:57:23+00:00\",\"author\":{\"@id\":\"https:\\\/\\\/electricasudanell.com\\\/#\\\/schema\\\/person\\\/258a506f6c4ac536e09f60c70724ac04\"},\"description\":\"Parte de las afectaciones del \u00e1mbito del suministro de electricidad. Ver texto completo Real Decreto-ley 7\\\/2026 FLEXIBILIZACION TEMPORTAL DE LOS CONTRATOS\",\"breadcrumb\":{\"@id\":\"https:\\\/\\\/electricasudanell.com\\\/es\\\/medidas-provisionales-aprobadas-para-atenuar-los-efectos-que-la-guerra-en-iran-ha-comenzado-a-provocar-en-la-economia\\\/#breadcrumb\"},\"inLanguage\":\"es\",\"potentialAction\":[{\"@type\":\"ReadAction\",\"target\":[\"https:\\\/\\\/electricasudanell.com\\\/es\\\/medidas-provisionales-aprobadas-para-atenuar-los-efectos-que-la-guerra-en-iran-ha-comenzado-a-provocar-en-la-economia\\\/\"]}]},{\"@type\":\"BreadcrumbList\",\"@id\":\"https:\\\/\\\/electricasudanell.com\\\/es\\\/medidas-provisionales-aprobadas-para-atenuar-los-efectos-que-la-guerra-en-iran-ha-comenzado-a-provocar-en-la-economia\\\/#breadcrumb\",\"itemListElement\":[{\"@type\":\"ListItem\",\"position\":1,\"name\":\"Inici\",\"item\":\"https:\\\/\\\/electricasudanell.com\\\/inicio\\\/\"},{\"@type\":\"ListItem\",\"position\":2,\"name\":\"Medidas provisionales aprobadas para atenuar los efectos que la guerra en Ir\u00e1n ha comenzado a provocar en la econom\u00eda.\"}]},{\"@type\":\"WebSite\",\"@id\":\"https:\\\/\\\/electricasudanell.com\\\/#website\",\"url\":\"https:\\\/\\\/electricasudanell.com\\\/\",\"name\":\"El\u00e8ctrica Sudanell\",\"description\":\"Altre lloc gestionat amb el WordPress\",\"potentialAction\":[{\"@type\":\"SearchAction\",\"target\":{\"@type\":\"EntryPoint\",\"urlTemplate\":\"https:\\\/\\\/electricasudanell.com\\\/?s={search_term_string}\"},\"query-input\":{\"@type\":\"PropertyValueSpecification\",\"valueRequired\":true,\"valueName\":\"search_term_string\"}}],\"inLanguage\":\"es\"},{\"@type\":\"Person\",\"@id\":\"https:\\\/\\\/electricasudanell.com\\\/#\\\/schema\\\/person\\\/258a506f6c4ac536e09f60c70724ac04\",\"name\":\"esudanell\",\"image\":{\"@type\":\"ImageObject\",\"inLanguage\":\"es\",\"@id\":\"https:\\\/\\\/secure.gravatar.com\\\/avatar\\\/6155959586ec1f945f5381d96fa048638716f3f597e2293982309a7df63b8bc5?s=96&d=mm&r=g\",\"url\":\"https:\\\/\\\/secure.gravatar.com\\\/avatar\\\/6155959586ec1f945f5381d96fa048638716f3f597e2293982309a7df63b8bc5?s=96&d=mm&r=g\",\"contentUrl\":\"https:\\\/\\\/secure.gravatar.com\\\/avatar\\\/6155959586ec1f945f5381d96fa048638716f3f597e2293982309a7df63b8bc5?s=96&d=mm&r=g\",\"caption\":\"esudanell\"},\"url\":\"https:\\\/\\\/electricasudanell.com\\\/es\\\/author\\\/esudanell\\\/\"}]}<\/script>\n<!-- \/ Yoast SEO plugin. -->","yoast_head_json":{"title":"Medidas provisionales aprobadas para atenuar los efectos que la guerra en Ir\u00e1n ha comenzado a provocar en la econom\u00eda. - El\u00e8ctrica Sudanell","description":"Parte de las afectaciones del \u00e1mbito del suministro de electricidad. Ver texto completo Real Decreto-ley 7\/2026 FLEXIBILIZACION TEMPORTAL DE LOS CONTRATOS","robots":{"index":"index","follow":"follow","max-snippet":"max-snippet:-1","max-image-preview":"max-image-preview:large","max-video-preview":"max-video-preview:-1"},"canonical":"https:\/\/electricasudanell.com\/es\/medidas-provisionales-aprobadas-para-atenuar-los-efectos-que-la-guerra-en-iran-ha-comenzado-a-provocar-en-la-economia\/","og_locale":"es_ES","og_type":"article","og_title":"Medidas provisionales aprobadas para atenuar los efectos que la guerra en Ir\u00e1n ha comenzado a provocar en la econom\u00eda. - El\u00e8ctrica Sudanell","og_description":"Parte de las afectaciones del \u00e1mbito del suministro de electricidad. Ver texto completo Real Decreto-ley 7\/2026 FLEXIBILIZACION TEMPORTAL DE LOS CONTRATOS","og_url":"https:\/\/electricasudanell.com\/es\/medidas-provisionales-aprobadas-para-atenuar-los-efectos-que-la-guerra-en-iran-ha-comenzado-a-provocar-en-la-economia\/","og_site_name":"El\u00e8ctrica Sudanell","article_published_time":"2026-03-30T06:41:16+00:00","article_modified_time":"2026-03-30T06:57:23+00:00","author":"esudanell","twitter_card":"summary_large_image","twitter_misc":{"Escrito por":"esudanell","Tiempo de lectura":"2 minutos"},"schema":{"@context":"https:\/\/schema.org","@graph":[{"@type":"Article","@id":"https:\/\/electricasudanell.com\/es\/medidas-provisionales-aprobadas-para-atenuar-los-efectos-que-la-guerra-en-iran-ha-comenzado-a-provocar-en-la-economia\/#article","isPartOf":{"@id":"https:\/\/electricasudanell.com\/es\/medidas-provisionales-aprobadas-para-atenuar-los-efectos-que-la-guerra-en-iran-ha-comenzado-a-provocar-en-la-economia\/"},"author":{"name":"esudanell","@id":"https:\/\/electricasudanell.com\/#\/schema\/person\/258a506f6c4ac536e09f60c70724ac04"},"headline":"Medidas provisionales aprobadas para atenuar los efectos que la guerra en Ir\u00e1n ha comenzado a provocar en la econom\u00eda.","datePublished":"2026-03-30T06:41:16+00:00","dateModified":"2026-03-30T06:57:23+00:00","mainEntityOfPage":{"@id":"https:\/\/electricasudanell.com\/es\/medidas-provisionales-aprobadas-para-atenuar-los-efectos-que-la-guerra-en-iran-ha-comenzado-a-provocar-en-la-economia\/"},"wordCount":290,"commentCount":0,"articleSection":["Noticies"],"inLanguage":"es","potentialAction":[{"@type":"CommentAction","name":"Comment","target":["https:\/\/electricasudanell.com\/es\/medidas-provisionales-aprobadas-para-atenuar-los-efectos-que-la-guerra-en-iran-ha-comenzado-a-provocar-en-la-economia\/#respond"]}]},{"@type":"WebPage","@id":"https:\/\/electricasudanell.com\/es\/medidas-provisionales-aprobadas-para-atenuar-los-efectos-que-la-guerra-en-iran-ha-comenzado-a-provocar-en-la-economia\/","url":"https:\/\/electricasudanell.com\/es\/medidas-provisionales-aprobadas-para-atenuar-los-efectos-que-la-guerra-en-iran-ha-comenzado-a-provocar-en-la-economia\/","name":"Medidas provisionales aprobadas para atenuar los efectos que la guerra en Ir\u00e1n ha comenzado a provocar en la econom\u00eda. - El\u00e8ctrica Sudanell","isPartOf":{"@id":"https:\/\/electricasudanell.com\/#website"},"datePublished":"2026-03-30T06:41:16+00:00","dateModified":"2026-03-30T06:57:23+00:00","author":{"@id":"https:\/\/electricasudanell.com\/#\/schema\/person\/258a506f6c4ac536e09f60c70724ac04"},"description":"Parte de las afectaciones del \u00e1mbito del suministro de electricidad. Ver texto completo Real Decreto-ley 7\/2026 FLEXIBILIZACION TEMPORTAL DE LOS CONTRATOS","breadcrumb":{"@id":"https:\/\/electricasudanell.com\/es\/medidas-provisionales-aprobadas-para-atenuar-los-efectos-que-la-guerra-en-iran-ha-comenzado-a-provocar-en-la-economia\/#breadcrumb"},"inLanguage":"es","potentialAction":[{"@type":"ReadAction","target":["https:\/\/electricasudanell.com\/es\/medidas-provisionales-aprobadas-para-atenuar-los-efectos-que-la-guerra-en-iran-ha-comenzado-a-provocar-en-la-economia\/"]}]},{"@type":"BreadcrumbList","@id":"https:\/\/electricasudanell.com\/es\/medidas-provisionales-aprobadas-para-atenuar-los-efectos-que-la-guerra-en-iran-ha-comenzado-a-provocar-en-la-economia\/#breadcrumb","itemListElement":[{"@type":"ListItem","position":1,"name":"Inici","item":"https:\/\/electricasudanell.com\/inicio\/"},{"@type":"ListItem","position":2,"name":"Medidas provisionales aprobadas para atenuar los efectos que la guerra en Ir\u00e1n ha comenzado a provocar en la econom\u00eda."}]},{"@type":"WebSite","@id":"https:\/\/electricasudanell.com\/#website","url":"https:\/\/electricasudanell.com\/","name":"El\u00e8ctrica Sudanell","description":"Altre lloc gestionat amb el WordPress","potentialAction":[{"@type":"SearchAction","target":{"@type":"EntryPoint","urlTemplate":"https:\/\/electricasudanell.com\/?s={search_term_string}"},"query-input":{"@type":"PropertyValueSpecification","valueRequired":true,"valueName":"search_term_string"}}],"inLanguage":"es"},{"@type":"Person","@id":"https:\/\/electricasudanell.com\/#\/schema\/person\/258a506f6c4ac536e09f60c70724ac04","name":"esudanell","image":{"@type":"ImageObject","inLanguage":"es","@id":"https:\/\/secure.gravatar.com\/avatar\/6155959586ec1f945f5381d96fa048638716f3f597e2293982309a7df63b8bc5?s=96&d=mm&r=g","url":"https:\/\/secure.gravatar.com\/avatar\/6155959586ec1f945f5381d96fa048638716f3f597e2293982309a7df63b8bc5?s=96&d=mm&r=g","contentUrl":"https:\/\/secure.gravatar.com\/avatar\/6155959586ec1f945f5381d96fa048638716f3f597e2293982309a7df63b8bc5?s=96&d=mm&r=g","caption":"esudanell"},"url":"https:\/\/electricasudanell.com\/es\/author\/esudanell\/"}]}},"_links":{"self":[{"href":"https:\/\/electricasudanell.com\/es\/wp-json\/wp\/v2\/posts\/11092","targetHints":{"allow":["GET"]}}],"collection":[{"href":"https:\/\/electricasudanell.com\/es\/wp-json\/wp\/v2\/posts"}],"about":[{"href":"https:\/\/electricasudanell.com\/es\/wp-json\/wp\/v2\/types\/post"}],"author":[{"embeddable":true,"href":"https:\/\/electricasudanell.com\/es\/wp-json\/wp\/v2\/users\/2"}],"replies":[{"embeddable":true,"href":"https:\/\/electricasudanell.com\/es\/wp-json\/wp\/v2\/comments?post=11092"}],"version-history":[{"count":1,"href":"https:\/\/electricasudanell.com\/es\/wp-json\/wp\/v2\/posts\/11092\/revisions"}],"predecessor-version":[{"id":11093,"href":"https:\/\/electricasudanell.com\/es\/wp-json\/wp\/v2\/posts\/11092\/revisions\/11093"}],"wp:attachment":[{"href":"https:\/\/electricasudanell.com\/es\/wp-json\/wp\/v2\/media?parent=11092"}],"wp:term":[{"taxonomy":"category","embeddable":true,"href":"https:\/\/electricasudanell.com\/es\/wp-json\/wp\/v2\/categories?post=11092"},{"taxonomy":"post_tag","embeddable":true,"href":"https:\/\/electricasudanell.com\/es\/wp-json\/wp\/v2\/tags?post=11092"}],"curies":[{"name":"wp","href":"https:\/\/api.w.org\/{rel}","templated":true}]}}